{"id":2177,"date":"2021-11-04T09:16:53","date_gmt":"2021-11-04T09:16:53","guid":{"rendered":"https:\/\/www.venetopuericantores.it\/new\/?p=2177"},"modified":"2021-11-04T09:16:54","modified_gmt":"2021-11-04T09:16:54","slug":"giovani-europa-futuro","status":"publish","type":"post","link":"https:\/\/www.venetopuericantores.it\/index.php\/2021\/11\/04\/giovani-europa-futuro\/","title":{"rendered":"I giovani, l\u2019Europa, il loro futuro."},"content":{"rendered":"<p class=\"p1\"><span class=\"s1\">Il Progetto<strong>\u00a0\u201c<\/strong><i><strong>I Giovani \u2013 L\u2019Europa \u2013 il loro Futuro\u201d<\/strong>,<\/i>\u00a0istituito dal coro \u201cPueri Cantores\u201d del Veneto prevede la valorizzazione dell\u2019attivit\u00e0 artistica attraverso la formazione artistica, con specifico riferimento al canto e corale e solistico a partire da bambini pi\u00f9 piccoli, ragazzi, giovani e adulti, tramite il mondo della musica quale veicolo prima accattivante e poi altamente educativo che accompagna la crescita degli individui e della societ\u00e0 civile.<\/span><\/p>\n<p class=\"p1\"><span class=\"s1\">L\u2019offerta artistica viene continuamente innovata cercando una ricerca sui nuovi repertori che si ispirano a vari stili musicali: oltre al repertorio corale-tradizionale, musica classica a cappella e\/o con accompagnamento strumentale ma anche sulle nuove forme quali: Rock, Pop, Musica Folcloristica, tradizionale etnica, Blues, Jazz, fino alla musica contemporanea,\u00a0<\/span><span class=\"s2\">underground e minimalista.<\/span><\/p>\n<p class=\"p2\"><span class=\"s3\">Prima di ogni concerto si cercano le collaborazioni con le scuole del territorio (primarie dei vari gradi e universit\u00e0) per formare i fruitori delle produzioni musicali e trovando dei temi interdisciplinari con i docenti di dette scuole anche grazie a collaborazioni continuative da parte dei nostri collaboratori artistici che offrono lezioni di canto agli studenti di dette scuole tramite i progetti\u00a0<\/span><span class=\"s4\"><i>\u201cMusic Lullaby\u201d\u00a0<\/i>e<i>\u00a0\u201cChildren\u2019s Music Laboratory\u201d\u00a0<\/i>per la costituzione di un coro di bambini all\u2019interno della scuola<\/span><span class=\"s3\">. Detti progetti si sono realizzati nel 2017 \u2013 2018 presso le seguenti scuole: \u201cscuola primaria Vivaldi di Spinea (VE); scuola primaria Scortegagna di Lonigo (VI), scuola primaria San Giovanni Bosco di Madonna \u2013 Lonigo (VI) e scuola primaria\u00a0<\/span><span class=\"s4\">\u201cO. Calderari\u201d<\/span><span class=\"s3\">\u00a0di Longare (VI).<\/span><\/p>\n<p class=\"p4\"><span class=\"s1\">Si creano altres\u00ec metodologie di coinvolgimento del pubblico con il canto durante i concerti;<\/span><\/p>\n<p class=\"p1\"><span class=\"s1\">Per ottenere progressi fondamentali \u00e8 necessario immaginare e concretizzare prospettive esaltanti, proponendo progettualit\u00e0 innovativa e di rilievo che nasce dal desiderio di offrire nuove opportunit\u00e0 per tutti: insegnanti, allievi, collaboratori artistici, consapevoli dell\u2019importanza della ricerca, dello studio e del confronto costruttivo sostenuto dalla relazione basata sulla fiducia e il rispetto. L\u2019attivit\u00e0 corale con la sua produzione di energie vitali diviene cos\u00ec un modo per realizzarsi, per crescere, imparare, progettare e sognare poich\u00e8 stimola la curiosit\u00e0, la creativit\u00e0, l\u2019intuito.<\/span><\/p>\n<p class=\"p1\"><span class=\"s1\"><i>Contenuti e obiettivi del progetto<\/i><\/span><\/p>\n<p class=\"p1\"><span class=\"s1\">Una consapevolezza che, non sempre casuale, apre a campi di percezione e sensibilizzazione che determinano e preparano ad un corretto e piacevole uso del proprio strumento:\u00a0<b>la voce<\/b>.<\/span><\/p>\n<p class=\"p1\"><span class=\"s1\">Alcune semplici immagini e la guida a un\u2019<i>attenzione<\/i>\u00a0al fatto sonoro sono i segreti di un percorso formativo di base sulla cosiddetta\u00a0<i>tecnica vocale\u00a0<\/i>in un confronto tecnico solidale.<\/span><\/p>\n<p class=\"p5\"><span class=\"s1\"><span class=\"Apple-converted-space\">\u00a0\u00a0 \u00a0<\/span><\/span><\/p>\n<p class=\"p1\"><span class=\"s1\"><b><i>1) Modulo Propedeutico: ed \u00e8 articolato nei seguenti corsi:<\/i><\/b><\/span><\/p>\n<ol>\n<li class=\"p1\"><span class=\"s1\">avviamento alla grammatica musicale e al mondo sonoro;<\/span><\/li>\n<li class=\"p1\"><span class=\"s1\">avviamento alle prime esperienze della tecnica vocale sulla base della respirazione\u00a0<\/span><span class=\"s1\">diaframmatica<\/span><\/li>\n<li class=\"p1\"><span class=\"s1\">avviamento alle prime esperienze di ascolto e produzione sonore dell\u2019attivit\u00e0 vocale individuale, corale e strumentale.<\/span><\/li>\n<\/ol>\n<p class=\"p1\"><span class=\"s1\"><b><i>2) Modulo di formazione artistica:\u00a0<\/i><\/b><\/span><\/p>\n<ol class=\"ol1\">\n<li class=\"li1\"><span class=\"s1\">Acquisizione delle conoscenze di base della grammatica musicale<\/span><\/li>\n<li class=\"li1\"><span class=\"s1\">Acquisizione delle competenze fondamentali della tecnica vocale sulla base della<span class=\"Apple-converted-space\">\u00a0<\/span><\/span>respirazione diaframmatico-intercostale<\/li>\n<li class=\"li1\">Acquisizione delle competenze vocali (individuali e corali) e strumentali.<\/li>\n<li class=\"li1\">La formazione, aspetto fondamentale per il personale artistico della nostra associazione avviene fondamentalmente tramite la frequenza ai corsi locali, nazionali e internazionali organizzati di continuo dalle associazioni regionali come l\u2019ASAC in Veneto, dalla Feniarco, ai Festival di Europa Cantat.<\/li>\n<\/ol>\n<p class=\"p1\"><span class=\"s1\"><b><i>3) Modulo tecnico-specialistico:<\/i><\/b><\/span><\/p>\n<ol>\n<li class=\"p1\"><span class=\"s1\">Consolidamento delle conoscenze e acquisizione delle competenze delle regole grammaticali della<span class=\"Apple-converted-space\">\u00a0\u00a0<\/span>musica.<\/span><\/li>\n<li class=\"p1\">Consolidamento e perfezionamento delle competenze della tecnica vocale.<\/li>\n<li class=\"p1\">Realizzazione del coro vero e proprio in grado di produrre le interpretazioni ai pi\u00f9 alti livelli artistici.<\/li>\n<\/ol>\n<h5 class=\"p1\"><span class=\"s1\"><i>Conclusione<\/i><\/span><\/h5>\n<p class=\"p1\"><span class=\"s1\"><span class=\"Apple-converted-space\">\u00a0\u00a0 \u00a0\u00a0<\/span>Premesso che lo sviluppo economico, commerciale e sociale di un territorio non pu\u00f2 darsi senza la preliminare preparazione di un substrato culturale e premesso altres\u00ec che detta preparazione avviene attraverso cicli di formazione e di studio sulle tradizioni e sui valori del contesto socio culturale di chi detto scambio propone anche nella interrelazione-confronto con le altre realt\u00e0 culturali della compagine europea e mondiale, tra tutte le forme di contatto culturale quella certamente pi\u00f9 immediata e foriera di sicuro successo \u00e8 la musica non soltanto per l\u2019universalit\u00e0 del suo codice linguistico atto a superare le barriere verbali anche sconosciute, ma anche e soprattutto per il suo valore simbolico ed etico di immediata simpatia, solidariet\u00e0 e fratellanza.<\/span><\/p>\n<p class=\"p1\"><span class=\"s1\">L\u2019attuale coro regionale \u201cPueri Cantores\u201d del Veneto\u201d diviene quindi un centro di elaborazione di idee ed invenzioni e promotore attivo di tutta la potenzialit\u00e0 di contatto culturale anche ai fini della realizzazione di progetti commerciali-economici e professionali nei pi\u00f9 diversi contesti territoriali europei.<\/span><\/p>\n<p class=\"p1\"><span class=\"s1\">Le attivit\u00e0 culturali, ma in particolare le associazioni musicali, che rappresentano realt\u00e0 economiche sociali e culturali differenziate nelle varie nazioni dell\u2019Unione Europea ma proprio per questo maggiomente interagenti al fine della costituzione di relazioni nelle zone dove il coro sviluppa la propria attivit\u00e0 in contatto con tutte le altre.<\/span><\/p>\n<p class=\"p1\"><span class=\"s1\">In tal senso l\u2019attivit\u00e0 del coro diventa collettore di forze operative ed organizzative finalizzate ad una pi\u00f9 capillare penetrazione della cultura territoriale che nel confronto con le realt\u00e0 locali evidenzia nei punti, presenti e futuri, di attivit\u00e0 del coro sinergetici con quelli economici e commerciali il primato peculiare della cultura stessa.<\/span><\/p>\n<p class=\"p1\"><span class=\"s1\">Quindi il progetto acquista anche il valore di consultorio operativo per organizzare la penetrazione culturale e la collaborazione per promuovere ed affermare in questo caso la cultura italiana e spagnola e favorire il collegamento e il confronto con la cultura locale proprio nelle zone selezionate come presenti e futuri punti di interesse e di sviluppo culturale, economico e commerciale.<\/span><\/p>\n","protected":false},"excerpt":{"rendered":"<p>Il Progetto\u00a0\u201cI Giovani \u2013 L\u2019Europa \u2013 il loro Futuro\u201d,\u00a0istituito dal coro \u201cPueri Cantores\u201d del Veneto prevede la valorizzazione dell\u2019attivit\u00e0 artistica attraverso la formazione artistica, con specifico riferimento al canto e&hellip;<\/p>\n","protected":false},"author":990004,"featured_media":2180,"comment_status":"open","ping_status":"open","sticky":false,"template":"","format":"standard","meta":{"footnotes":""},"categories":[77],"tags":[79,80,78],"class_list":["post-2177","post","type-post","status-publish","format-standard","has-post-thumbnail","hentry","category-formazione","tag-europa","tag-futuro","tag-giovani"],"_links":{"self":[{"href":"https:\/\/www.venetopuericantores.it\/index.php\/wp-json\/wp\/v2\/posts\/2177"}],"collection":[{"href":"https:\/\/www.venetopuericantores.it\/index.php\/wp-json\/wp\/v2\/posts"}],"about":[{"href":"https:\/\/www.venetopuericantores.it\/index.php\/wp-json\/wp\/v2\/types\/post"}],"author":[{"embeddable":true,"href":"https:\/\/www.venetopuericantores.it\/index.php\/wp-json\/wp\/v2\/users\/990004"}],"replies":[{"embeddable":true,"href":"https:\/\/www.venetopuericantores.it\/index.php\/wp-json\/wp\/v2\/comments?post=2177"}],"version-history":[{"count":2,"href":"https:\/\/www.venetopuericantores.it\/index.php\/wp-json\/wp\/v2\/posts\/2177\/revisions"}],"predecessor-version":[{"id":2179,"href":"https:\/\/www.venetopuericantores.it\/index.php\/wp-json\/wp\/v2\/posts\/2177\/revisions\/2179"}],"wp:featuredmedia":[{"embeddable":true,"href":"https:\/\/www.venetopuericantores.it\/index.php\/wp-json\/wp\/v2\/media\/2180"}],"wp:attachment":[{"href":"https:\/\/www.venetopuericantores.it\/index.php\/wp-json\/wp\/v2\/media?parent=2177"}],"wp:term":[{"taxonomy":"category","embeddable":true,"href":"https:\/\/www.venetopuericantores.it\/index.php\/wp-json\/wp\/v2\/categories?post=2177"},{"taxonomy":"post_tag","embeddable":true,"href":"https:\/\/www.venetopuericantores.it\/index.php\/wp-json\/wp\/v2\/tags?post=2177"}],"curies":[{"name":"wp","href":"https:\/\/api.w.org\/{rel}","templated":true}]}}